{"id":3986,"date":"2025-02-11T08:39:00","date_gmt":"2025-02-11T08:39:00","guid":{"rendered":"https:\/\/time.lisam.com\/hoe-organiseert-u-uw-werkdag\/"},"modified":"2025-09-10T08:19:50","modified_gmt":"2025-09-10T08:19:50","slug":"hoe-organiseert-u-uw-werkdag","status":"publish","type":"post","link":"https:\/\/time.lisam.com\/nl\/hoe-organiseert-u-uw-werkdag\/","title":{"rendered":"Hoe organiseert u uw werkdag?"},"content":{"rendered":"\n<p>Het organiseren van uw werktijd is essentieel. Het is echter vaak moeilijk om tussen onvoorziene gebeurtenissen en noodsituaties taken te prioriteren. Weet wel dat u behoorlijk productief kunt zijn terwijl u verschillende activiteiten beheert. Hoe organiseert u uw werktijd en wint u aan effici\u00ebntie? Lees verder om het antwoord te kennen.    <\/p>\n\n<h2 class=\"wp-block-heading\" style=\"font-size:30px\">Redenen om uw werkdag te plannen en enkele goede gewoontes <\/h2>\n\n<p>De tijd organiseren op de werkvloer is essentieel. Een gebrek aan planning heeft namelijk gevolgen voor de productiviteit en voor de activiteiten die u zou moeten uitvoeren. <\/p>\n\n<p>Waarom uw werkdag organiseren? Door uw planning effici\u00ebnt te beheren, bespaart u tijd. Het stelt u ook in staat om uw productiviteit te verhogen. Door uw taken een bepaalde prioriteit te geven, kunt u uw energie beter beheren en uw stressniveau doen dalen. U weet precies welke opdrachten u elke dag moet voltooien.     <\/p>\n\n<p>Bovendien helpt het plannen van taken u om het hoofd te bieden aan onvoorziene omstandigheden. Misschien hebt u zelfs tijd over om uw collega\u2019s te helpen.  <\/p>\n\n<p>Om uw werkdag goed te organiseren, moet u bepaalde gewoontes aannemen. Geef uzelf de vorige dag 15 minuten om u voor te bereiden op de taken van de volgende dag. Gebruik hiervoor een agenda om alle taken op te lijsten die u moet voltooien. Maak daarnaast ook een lijst om te beslissen welke u het eerst moeten uitvoeren.    <\/p>\n\n<p>Om u beter te helpen, kunt u gebruik maken van zogenaamde tijdmanagement software. Dankzij deze tool kunt u uw activiteiten in realtime beheren. U hoeft enkel de taken aan te duiden die voltooid zijn zodat u zich op de nieuwe kunt concentreren. Zo verhoogt u de effici\u00ebntie.    <\/p>\n\n<h2 class=\"wp-block-heading\" style=\"font-size:30px\">Plan uw pad om volledig effici\u00ebnt te werken <\/h2>\n\n<p>Dankzij een agenda of tijdmanagement software is het eenvoudiger om uw werktijd te organiseren. Concentreer u bij het plannen van de taken voor de volgende dag op de vijf belangrijkste activiteiten. Als ze kort genoeg zijn, kunt u \u00e9\u00e9n of twee andere acties toevoegen aan uw planning.  <\/p>\n\n<p>Evalueer de tijd nodig om elk van de taken uit te voeren. Verdeel ze vervolgens in kleinere activiteiten die gemakkelijker uit te voeren zijn. Op die manier wordt uw productiviteit gestimuleerd. Bovendien kunt u meer taken op u nemen dan oorspronkelijk gepland. Door verschillende kleine acties van begin tot einde uit te voeren, zult u veel werk verzetten zonder het te beseffen.     <\/p>\n\n<p>Om effici\u00ebnter te werken, kan het helpen om de precieze duur van elke actie te berekenen. Gebruik deze gegevens om een referentiepunt te cre\u00ebren waaraan u zich moet houden. Als er een aanzienlijke tijd zit tussen twee taken, probeer er dan achter te komen wat u blokkeert. Dit zal u later helpen.    <\/p>\n\n<p>Dankzij een goede organisatie van uw werktijd zal het voltooien van uw dagelijkse taken geen probleem meer zijn. Overschat uzelf echter niet ! Probeer zoveel mogelijk werk te doen zonder uw planning te overbelasten. Als u teveel moet bereiken, verliest u aan effici\u00ebntie en productiviteit.    <\/p>\n\n<h2 class=\"wp-block-heading\" style=\"font-size:30px\">Houd uw planning in de gaten om beter te werken <\/h2>\n\n<p>Het plannen van uw activiteiten is de eerste stap bij de organisatie van de tijd die u aan elke taak moet besteden. Maak er een gewoonte van om maar \u00e9\u00e9n ding tegelijk te doen. Dit geeft u voldoende tijd om met \u00e9\u00e9n ding bezig te zijn en het goed af te werken. U zult meer gefocust zijn en sneller reageren.   <\/p>\n\n<p>U bent niet immuun voor een onderbreking of noodgeval. Om met dit soort situaties om te gaan, is het beter om geen plan voor een hele dag te maken. Houd rekening met maximaal 60% van uw schema om volledig functioneel te zijn. Zo hebt u dus voldoende marge vrij om het hoofd te bieden aan de (onvermijdelijke) onvoorziene omstandigheden.    <\/p>\n\n<p>Met behulp van een goede tijdmanagement software kunt u prioriteiten stellen in uw activiteiten. Dit geeft u de tijd om andere ongeplande taken uit te voeren.  <\/p>\n\n<p>Maak met behulp van deze digitale tool de balans op van uw werk. Analyseer uw dagelijkse of wekelijkse productiviteit. Dit zal u helpen om te zien welke taken zijn voltooid en welke u niet hebt gedaan. Op basis van de verzamelde gegevens stelt u vervolgens een nauwkeuriger plan op om uw effici\u00ebntie te optimaliseren. Dit zal uw productiviteit in de komende dagen positief be\u00efnvloeden.     <\/p>\n\n<p><\/p>\n","protected":false},"excerpt":{"rendered":"<p>Het organiseren van uw werktijd is essentieel. Het is echter vaak moeilijk om tussen onvoorziene gebeurtenissen en noodsituaties taken te prioriteren. Weet wel dat u behoorlijk productief kunt zijn terwijl u verschillende activiteiten beheert. Hoe organiseert u uw werktijd en wint u aan effici\u00ebntie? Lees verder om het antwoord te kennen. Redenen om uw werkdag [&hellip;]<\/p>\n","protected":false},"author":1,"featured_media":3359,"comment_status":"open","ping_status":"open","sticky":false,"template":"","format":"standard","meta":{"footnotes":""},"categories":[62],"tags":[],"class_list":["post-3986","post","type-post","status-publish","format-standard","has-post-thumbnail","hentry","category-werkdag-organiseren"],"yoast_head":"<!-- This site is optimized with the Yoast SEO plugin v26.8 - https:\/\/yoast.com\/product\/yoast-seo-wordpress\/ -->\n<title>Hoe organiseert u uw werkdag? - Lisam Time<\/title>\n<meta name=\"robots\" content=\"index, follow, max-snippet:-1, max-image-preview:large, max-video-preview:-1\" \/>\n<link rel=\"canonical\" href=\"https:\/\/time.lisam.com\/nl\/hoe-organiseert-u-uw-werkdag\/\" \/>\n<meta property=\"og:locale\" content=\"nl_NL\" \/>\n<meta property=\"og:type\" content=\"article\" \/>\n<meta property=\"og:title\" content=\"Hoe organiseert u uw werkdag? - Lisam Time\" \/>\n<meta property=\"og:description\" content=\"Het organiseren van uw werktijd is essentieel. Het is echter vaak moeilijk om tussen onvoorziene gebeurtenissen en noodsituaties taken te prioriteren. Weet wel dat u behoorlijk productief kunt zijn terwijl u verschillende activiteiten beheert. Hoe organiseert u uw werktijd en wint u aan effici\u00ebntie? Lees verder om het antwoord te kennen. Redenen om uw werkdag [&hellip;]\" \/>\n<meta property=\"og:url\" content=\"https:\/\/time.lisam.com\/nl\/hoe-organiseert-u-uw-werkdag\/\" \/>\n<meta property=\"og:site_name\" content=\"Lisam Time\" \/>\n<meta property=\"article:published_time\" content=\"2025-02-11T08:39:00+00:00\" \/>\n<meta property=\"article:modified_time\" content=\"2025-09-10T08:19:50+00:00\" \/>\n<meta property=\"og:image\" content=\"https:\/\/time.lisam.com\/wp-content\/uploads\/2025\/08\/Comment-organiser-ses-journees-de-travail.jpg\" \/>\n\t<meta property=\"og:image:width\" content=\"2374\" \/>\n\t<meta property=\"og:image:height\" content=\"1684\" \/>\n\t<meta property=\"og:image:type\" content=\"image\/jpeg\" \/>\n<meta name=\"author\" content=\"Lisam Time\" \/>\n<meta name=\"twitter:card\" content=\"summary_large_image\" \/>\n<meta name=\"twitter:label1\" content=\"Geschreven door\" \/>\n\t<meta name=\"twitter:data1\" content=\"Lisam Time\" \/>\n\t<meta name=\"twitter:label2\" content=\"Geschatte leestijd\" \/>\n\t<meta name=\"twitter:data2\" content=\"4 minuten\" \/>\n<script type=\"application\/ld+json\" class=\"yoast-schema-graph\">{\"@context\":\"https:\/\/schema.org\",\"@graph\":[{\"@type\":\"Article\",\"@id\":\"https:\/\/time.lisam.com\/nl\/hoe-organiseert-u-uw-werkdag\/#article\",\"isPartOf\":{\"@id\":\"https:\/\/time.lisam.com\/nl\/hoe-organiseert-u-uw-werkdag\/\"},\"author\":{\"name\":\"Lisam Time\",\"@id\":\"https:\/\/time.lisam.com\/nl\/#\/schema\/person\/cb8c4840223f062a779d77ce382adb7d\"},\"headline\":\"Hoe organiseert u uw werkdag?\",\"datePublished\":\"2025-02-11T08:39:00+00:00\",\"dateModified\":\"2025-09-10T08:19:50+00:00\",\"mainEntityOfPage\":{\"@id\":\"https:\/\/time.lisam.com\/nl\/hoe-organiseert-u-uw-werkdag\/\"},\"wordCount\":717,\"commentCount\":0,\"publisher\":{\"@id\":\"https:\/\/time.lisam.com\/nl\/#organization\"},\"image\":{\"@id\":\"https:\/\/time.lisam.com\/nl\/hoe-organiseert-u-uw-werkdag\/#primaryimage\"},\"thumbnailUrl\":\"https:\/\/time.lisam.com\/wp-content\/uploads\/2025\/08\/Comment-organiser-ses-journees-de-travail.jpg\",\"articleSection\":[\"Werkdag organiseren\"],\"inLanguage\":\"nl-NL\",\"potentialAction\":[{\"@type\":\"CommentAction\",\"name\":\"Comment\",\"target\":[\"https:\/\/time.lisam.com\/nl\/hoe-organiseert-u-uw-werkdag\/#respond\"]}]},{\"@type\":\"WebPage\",\"@id\":\"https:\/\/time.lisam.com\/nl\/hoe-organiseert-u-uw-werkdag\/\",\"url\":\"https:\/\/time.lisam.com\/nl\/hoe-organiseert-u-uw-werkdag\/\",\"name\":\"Hoe organiseert u uw werkdag? - Lisam Time\",\"isPartOf\":{\"@id\":\"https:\/\/time.lisam.com\/nl\/#website\"},\"primaryImageOfPage\":{\"@id\":\"https:\/\/time.lisam.com\/nl\/hoe-organiseert-u-uw-werkdag\/#primaryimage\"},\"image\":{\"@id\":\"https:\/\/time.lisam.com\/nl\/hoe-organiseert-u-uw-werkdag\/#primaryimage\"},\"thumbnailUrl\":\"https:\/\/time.lisam.com\/wp-content\/uploads\/2025\/08\/Comment-organiser-ses-journees-de-travail.jpg\",\"datePublished\":\"2025-02-11T08:39:00+00:00\",\"dateModified\":\"2025-09-10T08:19:50+00:00\",\"breadcrumb\":{\"@id\":\"https:\/\/time.lisam.com\/nl\/hoe-organiseert-u-uw-werkdag\/#breadcrumb\"},\"inLanguage\":\"nl-NL\",\"potentialAction\":[{\"@type\":\"ReadAction\",\"target\":[\"https:\/\/time.lisam.com\/nl\/hoe-organiseert-u-uw-werkdag\/\"]}]},{\"@type\":\"ImageObject\",\"inLanguage\":\"nl-NL\",\"@id\":\"https:\/\/time.lisam.com\/nl\/hoe-organiseert-u-uw-werkdag\/#primaryimage\",\"url\":\"https:\/\/time.lisam.com\/wp-content\/uploads\/2025\/08\/Comment-organiser-ses-journees-de-travail.jpg\",\"contentUrl\":\"https:\/\/time.lisam.com\/wp-content\/uploads\/2025\/08\/Comment-organiser-ses-journees-de-travail.jpg\",\"width\":2374,\"height\":1684},{\"@type\":\"BreadcrumbList\",\"@id\":\"https:\/\/time.lisam.com\/nl\/hoe-organiseert-u-uw-werkdag\/#breadcrumb\",\"itemListElement\":[{\"@type\":\"ListItem\",\"position\":1,\"name\":\"Accueil\",\"item\":\"https:\/\/time.lisam.com\/nl\/\"},{\"@type\":\"ListItem\",\"position\":2,\"name\":\"Hoe organiseert u uw werkdag?\"}]},{\"@type\":\"WebSite\",\"@id\":\"https:\/\/time.lisam.com\/nl\/#website\",\"url\":\"https:\/\/time.lisam.com\/nl\/\",\"name\":\"Lisam Time\",\"description\":\"\",\"publisher\":{\"@id\":\"https:\/\/time.lisam.com\/nl\/#organization\"},\"potentialAction\":[{\"@type\":\"SearchAction\",\"target\":{\"@type\":\"EntryPoint\",\"urlTemplate\":\"https:\/\/time.lisam.com\/nl\/?s={search_term_string}\"},\"query-input\":{\"@type\":\"PropertyValueSpecification\",\"valueRequired\":true,\"valueName\":\"search_term_string\"}}],\"inLanguage\":\"nl-NL\"},{\"@type\":\"Organization\",\"@id\":\"https:\/\/time.lisam.com\/nl\/#organization\",\"name\":\"Lisam One\",\"url\":\"https:\/\/time.lisam.com\/nl\/\",\"logo\":{\"@type\":\"ImageObject\",\"inLanguage\":\"nl-NL\",\"@id\":\"https:\/\/time.lisam.com\/nl\/#\/schema\/logo\/image\/\",\"url\":\"https:\/\/time.lisam.com\/wp-content\/uploads\/2025\/07\/Lisam-TIme-Logo-Website.png\",\"contentUrl\":\"https:\/\/time.lisam.com\/wp-content\/uploads\/2025\/07\/Lisam-TIme-Logo-Website.png\",\"width\":1979,\"height\":421,\"caption\":\"Lisam One\"},\"image\":{\"@id\":\"https:\/\/time.lisam.com\/nl\/#\/schema\/logo\/image\/\"}},{\"@type\":\"Person\",\"@id\":\"https:\/\/time.lisam.com\/nl\/#\/schema\/person\/cb8c4840223f062a779d77ce382adb7d\",\"name\":\"Lisam Time\",\"image\":{\"@type\":\"ImageObject\",\"inLanguage\":\"nl-NL\",\"@id\":\"https:\/\/time.lisam.com\/nl\/#\/schema\/person\/image\/\",\"url\":\"https:\/\/secure.gravatar.com\/avatar\/7ac797f7c867190b2eee263fd0a8a7969a67a0aa66c4e66eb65a13467d378937?s=96&d=mm&r=g\",\"contentUrl\":\"https:\/\/secure.gravatar.com\/avatar\/7ac797f7c867190b2eee263fd0a8a7969a67a0aa66c4e66eb65a13467d378937?s=96&d=mm&r=g\",\"caption\":\"Lisam Time\"},\"sameAs\":[\"https:\/\/lisam.one\"],\"url\":\"https:\/\/time.lisam.com\/nl\/author\/itsupport_rpo0xgfw\/\"}]}<\/script>\n<!-- \/ Yoast SEO plugin. -->","yoast_head_json":{"title":"Hoe organiseert u uw werkdag? - Lisam Time","robots":{"index":"index","follow":"follow","max-snippet":"max-snippet:-1","max-image-preview":"max-image-preview:large","max-video-preview":"max-video-preview:-1"},"canonical":"https:\/\/time.lisam.com\/nl\/hoe-organiseert-u-uw-werkdag\/","og_locale":"nl_NL","og_type":"article","og_title":"Hoe organiseert u uw werkdag? - Lisam Time","og_description":"Het organiseren van uw werktijd is essentieel. Het is echter vaak moeilijk om tussen onvoorziene gebeurtenissen en noodsituaties taken te prioriteren. Weet wel dat u behoorlijk productief kunt zijn terwijl u verschillende activiteiten beheert. Hoe organiseert u uw werktijd en wint u aan effici\u00ebntie? Lees verder om het antwoord te kennen. Redenen om uw werkdag [&hellip;]","og_url":"https:\/\/time.lisam.com\/nl\/hoe-organiseert-u-uw-werkdag\/","og_site_name":"Lisam Time","article_published_time":"2025-02-11T08:39:00+00:00","article_modified_time":"2025-09-10T08:19:50+00:00","og_image":[{"width":2374,"height":1684,"url":"https:\/\/time.lisam.com\/wp-content\/uploads\/2025\/08\/Comment-organiser-ses-journees-de-travail.jpg","type":"image\/jpeg"}],"author":"Lisam Time","twitter_card":"summary_large_image","twitter_misc":{"Geschreven door":"Lisam Time","Geschatte leestijd":"4 minuten"},"schema":{"@context":"https:\/\/schema.org","@graph":[{"@type":"Article","@id":"https:\/\/time.lisam.com\/nl\/hoe-organiseert-u-uw-werkdag\/#article","isPartOf":{"@id":"https:\/\/time.lisam.com\/nl\/hoe-organiseert-u-uw-werkdag\/"},"author":{"name":"Lisam Time","@id":"https:\/\/time.lisam.com\/nl\/#\/schema\/person\/cb8c4840223f062a779d77ce382adb7d"},"headline":"Hoe organiseert u uw werkdag?","datePublished":"2025-02-11T08:39:00+00:00","dateModified":"2025-09-10T08:19:50+00:00","mainEntityOfPage":{"@id":"https:\/\/time.lisam.com\/nl\/hoe-organiseert-u-uw-werkdag\/"},"wordCount":717,"commentCount":0,"publisher":{"@id":"https:\/\/time.lisam.com\/nl\/#organization"},"image":{"@id":"https:\/\/time.lisam.com\/nl\/hoe-organiseert-u-uw-werkdag\/#primaryimage"},"thumbnailUrl":"https:\/\/time.lisam.com\/wp-content\/uploads\/2025\/08\/Comment-organiser-ses-journees-de-travail.jpg","articleSection":["Werkdag organiseren"],"inLanguage":"nl-NL","potentialAction":[{"@type":"CommentAction","name":"Comment","target":["https:\/\/time.lisam.com\/nl\/hoe-organiseert-u-uw-werkdag\/#respond"]}]},{"@type":"WebPage","@id":"https:\/\/time.lisam.com\/nl\/hoe-organiseert-u-uw-werkdag\/","url":"https:\/\/time.lisam.com\/nl\/hoe-organiseert-u-uw-werkdag\/","name":"Hoe organiseert u uw werkdag? - Lisam Time","isPartOf":{"@id":"https:\/\/time.lisam.com\/nl\/#website"},"primaryImageOfPage":{"@id":"https:\/\/time.lisam.com\/nl\/hoe-organiseert-u-uw-werkdag\/#primaryimage"},"image":{"@id":"https:\/\/time.lisam.com\/nl\/hoe-organiseert-u-uw-werkdag\/#primaryimage"},"thumbnailUrl":"https:\/\/time.lisam.com\/wp-content\/uploads\/2025\/08\/Comment-organiser-ses-journees-de-travail.jpg","datePublished":"2025-02-11T08:39:00+00:00","dateModified":"2025-09-10T08:19:50+00:00","breadcrumb":{"@id":"https:\/\/time.lisam.com\/nl\/hoe-organiseert-u-uw-werkdag\/#breadcrumb"},"inLanguage":"nl-NL","potentialAction":[{"@type":"ReadAction","target":["https:\/\/time.lisam.com\/nl\/hoe-organiseert-u-uw-werkdag\/"]}]},{"@type":"ImageObject","inLanguage":"nl-NL","@id":"https:\/\/time.lisam.com\/nl\/hoe-organiseert-u-uw-werkdag\/#primaryimage","url":"https:\/\/time.lisam.com\/wp-content\/uploads\/2025\/08\/Comment-organiser-ses-journees-de-travail.jpg","contentUrl":"https:\/\/time.lisam.com\/wp-content\/uploads\/2025\/08\/Comment-organiser-ses-journees-de-travail.jpg","width":2374,"height":1684},{"@type":"BreadcrumbList","@id":"https:\/\/time.lisam.com\/nl\/hoe-organiseert-u-uw-werkdag\/#breadcrumb","itemListElement":[{"@type":"ListItem","position":1,"name":"Accueil","item":"https:\/\/time.lisam.com\/nl\/"},{"@type":"ListItem","position":2,"name":"Hoe organiseert u uw werkdag?"}]},{"@type":"WebSite","@id":"https:\/\/time.lisam.com\/nl\/#website","url":"https:\/\/time.lisam.com\/nl\/","name":"Lisam Time","description":"","publisher":{"@id":"https:\/\/time.lisam.com\/nl\/#organization"},"potentialAction":[{"@type":"SearchAction","target":{"@type":"EntryPoint","urlTemplate":"https:\/\/time.lisam.com\/nl\/?s={search_term_string}"},"query-input":{"@type":"PropertyValueSpecification","valueRequired":true,"valueName":"search_term_string"}}],"inLanguage":"nl-NL"},{"@type":"Organization","@id":"https:\/\/time.lisam.com\/nl\/#organization","name":"Lisam One","url":"https:\/\/time.lisam.com\/nl\/","logo":{"@type":"ImageObject","inLanguage":"nl-NL","@id":"https:\/\/time.lisam.com\/nl\/#\/schema\/logo\/image\/","url":"https:\/\/time.lisam.com\/wp-content\/uploads\/2025\/07\/Lisam-TIme-Logo-Website.png","contentUrl":"https:\/\/time.lisam.com\/wp-content\/uploads\/2025\/07\/Lisam-TIme-Logo-Website.png","width":1979,"height":421,"caption":"Lisam One"},"image":{"@id":"https:\/\/time.lisam.com\/nl\/#\/schema\/logo\/image\/"}},{"@type":"Person","@id":"https:\/\/time.lisam.com\/nl\/#\/schema\/person\/cb8c4840223f062a779d77ce382adb7d","name":"Lisam Time","image":{"@type":"ImageObject","inLanguage":"nl-NL","@id":"https:\/\/time.lisam.com\/nl\/#\/schema\/person\/image\/","url":"https:\/\/secure.gravatar.com\/avatar\/7ac797f7c867190b2eee263fd0a8a7969a67a0aa66c4e66eb65a13467d378937?s=96&d=mm&r=g","contentUrl":"https:\/\/secure.gravatar.com\/avatar\/7ac797f7c867190b2eee263fd0a8a7969a67a0aa66c4e66eb65a13467d378937?s=96&d=mm&r=g","caption":"Lisam Time"},"sameAs":["https:\/\/lisam.one"],"url":"https:\/\/time.lisam.com\/nl\/author\/itsupport_rpo0xgfw\/"}]}},"_links":{"self":[{"href":"https:\/\/time.lisam.com\/nl\/wp-json\/wp\/v2\/posts\/3986","targetHints":{"allow":["GET"]}}],"collection":[{"href":"https:\/\/time.lisam.com\/nl\/wp-json\/wp\/v2\/posts"}],"about":[{"href":"https:\/\/time.lisam.com\/nl\/wp-json\/wp\/v2\/types\/post"}],"author":[{"embeddable":true,"href":"https:\/\/time.lisam.com\/nl\/wp-json\/wp\/v2\/users\/1"}],"replies":[{"embeddable":true,"href":"https:\/\/time.lisam.com\/nl\/wp-json\/wp\/v2\/comments?post=3986"}],"version-history":[{"count":1,"href":"https:\/\/time.lisam.com\/nl\/wp-json\/wp\/v2\/posts\/3986\/revisions"}],"predecessor-version":[{"id":3987,"href":"https:\/\/time.lisam.com\/nl\/wp-json\/wp\/v2\/posts\/3986\/revisions\/3987"}],"wp:featuredmedia":[{"embeddable":true,"href":"https:\/\/time.lisam.com\/nl\/wp-json\/wp\/v2\/media\/3359"}],"wp:attachment":[{"href":"https:\/\/time.lisam.com\/nl\/wp-json\/wp\/v2\/media?parent=3986"}],"wp:term":[{"taxonomy":"category","embeddable":true,"href":"https:\/\/time.lisam.com\/nl\/wp-json\/wp\/v2\/categories?post=3986"},{"taxonomy":"post_tag","embeddable":true,"href":"https:\/\/time.lisam.com\/nl\/wp-json\/wp\/v2\/tags?post=3986"}],"curies":[{"name":"wp","href":"https:\/\/api.w.org\/{rel}","templated":true}]}}